
{"id":8735,"date":"2024-11-24T03:00:00","date_gmt":"2024-11-24T03:00:00","guid":{"rendered":"https:\/\/insomnio.profepaco.es\/?p=8735"},"modified":"2025-05-27T00:17:06","modified_gmt":"2025-05-26T22:17:06","slug":"entre-usted-y-yo","status":"publish","type":"post","link":"https:\/\/insomnio.profepaco.es\/?p=8735","title":{"rendered":"Entre usted y yo"},"content":{"rendered":"<p>Entre usted y yo \u2014perm\u00edtame la confidencia\u2014 no hay tanto espacio. Nos une, a modo de puente o pasarela, un hilo conductor com\u00fan. <\/p>\n<p> He escrito estas palabras \u2014perm\u00edtame la confidencia\u2014, pensando en usted; no tanto en su circunstancia concreta, sino en usted grosso modo. Igual que usted me lee a m\u00ed \u2014perm\u00edtame la confidencia\u2014, pero no tanto a mi yo solo, ni a mis man\u00edas, ni a mis torpezas, sino a esa profunda parte de m\u00ed que usted lleva tan adentro. <\/p>\n<p> Entre usted y yo, juntos, sobrellevamos la autor\u00eda y los derechos de los versos de este poema, porque usted descifra lo que escribo en tanto que ahora le estoy escribiendo precisamente eso que usted siente o interpreta. <\/p>\n<p> No menosprecie granos de arena \u2014especialmente aquellos que caen imparablemente del Gran Reloj\u2014 ya que no cabe la modestia, porque cualquier poes\u00eda m\u00eda es tan suya que me duele necesitarle para esta transfusi\u00f3n de tinta o de electrones. <\/p>\n<p> No obstante, no lo comente en el trabajo, ni tampoco con la familia o con los amigos, porque \u2014perm\u00edtame que le levante los pies del suelo con otra confidencia a\u00fan m\u00e1s inquietante\u2014 en este preciso y as\u00edncrono instante, con alevos\u00eda y posible nocturnidad, entre usted y yo estamos asesinando una noche o una novela, seduciendo a alguien o dej\u00e1ndonos seducir.<\/p>\n<blockquote>\n<p><strong>La poes\u00eda<\/strong><\/p>\n<p>La poes\u00eda es in\u00fatil, s\u00f3lo sirve<br \/>\n para cortarle la cabeza a un rey<br \/>\n o para seducir a una muchacha.<\/p>\n<p> Quiz\u00e1s sirve tambi\u00e9n,<br \/>\n si es que el agua es la muerte,<br \/>\n para rayar el agua con un sue\u00f1o.<br \/>\n Y si el tiempo le otorga su \u00fanica materia,<br \/>\n posiblemente sirva de navaja,<br \/>\n porque es mejor un corte limpio<br \/>\n cuando abrimos la piel de la memoria.<br \/>\n Con un cristal partido,<br \/>\n el deseo<br \/>\n hace heridas m\u00e1s sucias.<\/p>\n<p> La poes\u00eda eres t\u00fa,<br \/>\n un corte limpio,<br \/>\n una raya en el agua<br \/>\n ?si es que el agua es raz\u00f3n de la existencia \u2014,<\/p>\n<p> la mujer que se deja seducir<br \/>\n para cortarle la cabeza a un rey.<\/p>\n<p><i>(Lu\u00eds Garc\u00eda Montero, Completamente viernes, 1998)<\/i><\/p>\n<\/blockquote>\n","protected":false},"excerpt":{"rendered":"<p>Entre usted y yo \u2014perm\u00edtame la confidencia\u2014 no hay tanto espacio. Nos une, a modo de puente o pasarela, un hilo conductor com\u00fan. He escrito estas palabras \u2014perm\u00edtame la confidencia\u2014, pensando en usted; no tanto en su circunstancia concreta, sino en usted grosso modo. Igual que usted me lee a m\u00ed \u2014perm\u00edtame la confidencia\u2014, pero [&hellip;]<\/p>\n","protected":false},"author":1,"featured_media":8969,"comment_status":"open","ping_status":"open","sticky":false,"template":"","format":"standard","meta":{"footnotes":""},"categories":[635],"tags":[],"class_list":["post-8735","post","type-post","status-publish","format-standard","has-post-thumbnail","hentry","category-primavera","post-preview"],"_links":{"self":[{"href":"https:\/\/insomnio.profepaco.es\/index.php?rest_route=\/wp\/v2\/posts\/8735","targetHints":{"allow":["GET"]}}],"collection":[{"href":"https:\/\/insomnio.profepaco.es\/index.php?rest_route=\/wp\/v2\/posts"}],"about":[{"href":"https:\/\/insomnio.profepaco.es\/index.php?rest_route=\/wp\/v2\/types\/post"}],"author":[{"embeddable":true,"href":"https:\/\/insomnio.profepaco.es\/index.php?rest_route=\/wp\/v2\/users\/1"}],"replies":[{"embeddable":true,"href":"https:\/\/insomnio.profepaco.es\/index.php?rest_route=%2Fwp%2Fv2%2Fcomments&post=8735"}],"version-history":[{"count":1,"href":"https:\/\/insomnio.profepaco.es\/index.php?rest_route=\/wp\/v2\/posts\/8735\/revisions"}],"predecessor-version":[{"id":9181,"href":"https:\/\/insomnio.profepaco.es\/index.php?rest_route=\/wp\/v2\/posts\/8735\/revisions\/9181"}],"wp:featuredmedia":[{"embeddable":true,"href":"https:\/\/insomnio.profepaco.es\/index.php?rest_route=\/wp\/v2\/media\/8969"}],"wp:attachment":[{"href":"https:\/\/insomnio.profepaco.es\/index.php?rest_route=%2Fwp%2Fv2%2Fmedia&parent=8735"}],"wp:term":[{"taxonomy":"category","embeddable":true,"href":"https:\/\/insomnio.profepaco.es\/index.php?rest_route=%2Fwp%2Fv2%2Fcategories&post=8735"},{"taxonomy":"post_tag","embeddable":true,"href":"https:\/\/insomnio.profepaco.es\/index.php?rest_route=%2Fwp%2Fv2%2Ftags&post=8735"}],"curies":[{"name":"wp","href":"https:\/\/api.w.org\/{rel}","templated":true}]}}